{"id":814,"date":"2024-09-23T18:01:46","date_gmt":"2024-09-23T16:01:46","guid":{"rendered":"https:\/\/www.nobo-auto.cz\/domains\/nobo-auto.cz\/?p=814"},"modified":"2024-09-23T18:01:48","modified_gmt":"2024-09-23T16:01:48","slug":"nobo-automotive-starts-production-of-seats-for-bmw-in-garbe-park-ceske-budejovice","status":"publish","type":"post","link":"https:\/\/www.nobo-auto.cz\/en\/nobo-automotive-zahajuje-vyrobu-sedadel-pro-bmw-v-garbe-parku-ceske-budejovice\/","title":{"rendered":"NOBO AUTOMOTIVE starts production of seats for BMW in GARBE PARK \u010cesk\u00e9 Bud\u011bjovice"},"content":{"rendered":"<p><a href=\"https:\/\/www.linkedin.com\/in\/davidhavelec\/\"><\/a><\/p>\n\n\n\n<p id=\"ember2206\">The next part of the blog is devoted to the ceremony of the first column erection ceremony on Thursday 16 May 2024, which took place in Bor\u0161ov nad Vltavou, at the site of the new hall, attended and addressed by representatives of the Chinese and Czech representatives of NOBO AUTOMOTIVE, together with representatives of GARBE, CBRE, BMW and local politicians.<\/p>\n\n\n\n<p id=\"ember2207\">GARBE, a specialist in logistics and industrial real estate in Central and Eastern Europe, starts construction of the fifth hall in GARBE PARK \u010cesk\u00e9 Bud\u011bjovice. The new tenant will be NOBO AUTOMOTIVE, a premium supplier of interiors, exteriors, seats and auto electronics. In \u010cesk\u00e9 Bud\u011bjovice, NOBO AUTOMOTIVE will produce seat sets for premium BMW cars, including selected key components. This is the largest lease of industrial space concluded in the first quarter of 2024, covering nearly 30,000 sqm, brokered by CBRE.<\/p>\n\n\n\n<p id=\"ember2208\"><strong>Manfred Zhuang, CEO NOBO Group<\/strong>, in his speech he mentioned, \"<em>The establishment of the Czech plant is a significant milestone in the international business development of NOBO AUTOMOTIVE and opens up a new opportunity for profitable cooperation with the Czech Republic. Regardless of the geographical distance between the two countries, boosting economic development and promoting innovation is a common goal, especially as both countries have huge potential in the automotive industry.\"<\/em><\/p>\n\n\n\n<figure class=\"wp-block-image\"><img loading=\"lazy\" decoding=\"async\" width=\"1488\" height=\"992\" src=\"https:\/\/www.nobo-auto.cz\/wp-content\/uploads\/image-1-5.webp\" alt=\"\" class=\"wp-image-816\" srcset=\"https:\/\/www.nobo-auto.cz\/wp-content\/uploads\/image-1-5.webp 1488w, https:\/\/www.nobo-auto.cz\/wp-content\/uploads\/image-1-5-600x400.webp 600w, https:\/\/www.nobo-auto.cz\/wp-content\/uploads\/image-1-5-1200x800.webp 1200w, https:\/\/www.nobo-auto.cz\/wp-content\/uploads\/image-1-5-768x512.webp 768w\" sizes=\"auto, (max-width: 1488px) 100vw, 1488px\" \/><figcaption class=\"wp-element-caption\">Manfred Zhuang, CEO NOBO Group<\/figcaption><\/figure>\n\n\n\n<p id=\"ember2211\">Cited by <a href=\"https:\/\/www.linkedin.com\/in\/robert-ma%C5%A1ka-3a8b91112\/\">Robert Ma\u0161ka<\/a> <strong>, General Manager NOBO AUTOMOTIVE SYSTEMS CZECH REPUBLIC s.r.o.<\/strong>who said: \" <em>The first imaginary brand on the map of Europe for NOBO, which is represented by the new location in \u010cesk\u00e9 Budejovice, is a very complex project of seat production, which is unique in the Czech Republic. We do not plan to be just another assembly plant, but a manufacturing plant that will produce the individual parts of this premium product in addition to assembling the seats, thus creating added value. The main priority will be to assemble the right team of employees who will form an important basis for the successful achievement of the various milestones of the project and will participate in the growth of the new company.\"<\/em><\/p>\n\n\n\n<figure class=\"wp-block-image\"><img loading=\"lazy\" decoding=\"async\" width=\"999\" height=\"1500\" src=\"https:\/\/www.nobo-auto.cz\/wp-content\/uploads\/image-12.webp\" alt=\"\" class=\"wp-image-817\" srcset=\"https:\/\/www.nobo-auto.cz\/wp-content\/uploads\/image-12.webp 999w, https:\/\/www.nobo-auto.cz\/wp-content\/uploads\/image-12-400x600.webp 400w, https:\/\/www.nobo-auto.cz\/wp-content\/uploads\/image-12-799x1200.webp 799w, https:\/\/www.nobo-auto.cz\/wp-content\/uploads\/image-12-768x1153.webp 768w\" sizes=\"auto, (max-width: 999px) 100vw, 999px\" \/><figcaption class=\"wp-element-caption\">Robert Ma\u0161ka<\/figcaption><\/figure>\n\n\n\n<p id=\"ember2215\"><a href=\"https:\/\/www.linkedin.com\/in\/davidhavelec\/\">David Havelec<\/a><strong>, HR Manager of NOBO AUTOMOTIVE SYSTEMS CZECH REPUBLIC s.r.o.<\/strong>, he said: <em>We currently have approximately 30 open positions that we want to fill by the end of 2024 with a target of 500+ employees by the end of 2026\/2027. Our intention is to have well-paid specialists who will be given the space to self-actualize and develop within a competent organization that understands that great employees are the key to success!<\/em><\/p>\n\n\n\n<p id=\"ember2217\"><a href=\"https:\/\/www.linkedin.com\/in\/martin-pol%C3%A1k-5013bb6\/\">Martin Pol\u00e1k<\/a>, <strong>GARBE's Director for Eastern and Central Europe, said:<\/strong> <em>\"The attractiveness of our GARBE Park in \u010cesk\u00e9 Bud\u011bjovice is underlined by the start of construction of the fifth hall within one year. The location of the Park, its technological background and accessibility is an advantage for tenants connected to companies in Germany. The hall therefore also met the requirements for the lease of NOBO AUTOMOTIVE, which will have the hall at its disposal from December 2024.\"<\/em><\/p>\n\n\n\n<figure class=\"wp-block-image\"><img loading=\"lazy\" decoding=\"async\" width=\"999\" height=\"1500\" src=\"https:\/\/www.nobo-auto.cz\/wp-content\/uploads\/image-2-4.webp\" alt=\"\" class=\"wp-image-818\" srcset=\"https:\/\/www.nobo-auto.cz\/wp-content\/uploads\/image-2-4.webp 999w, https:\/\/www.nobo-auto.cz\/wp-content\/uploads\/image-2-4-400x600.webp 400w, https:\/\/www.nobo-auto.cz\/wp-content\/uploads\/image-2-4-799x1200.webp 799w, https:\/\/www.nobo-auto.cz\/wp-content\/uploads\/image-2-4-768x1153.webp 768w\" sizes=\"auto, (max-width: 999px) 100vw, 999px\" \/><figcaption class=\"wp-element-caption\">Martin Pol\u00e1k<\/figcaption><\/figure>\n\n\n\n<p id=\"ember2221\">Speaking for the politicians on stage was <strong>Mayor of Bor\u0161ov nad Vltavou, Mgr. Jan Zeman<\/strong>who said:<em> \"Our Chinese friends are bringing business to us, they will produce seats for iconic German BMW cars in the Czech Republic. It seems paradoxical - the Chinese are making car seats for the Germans in the Czech Republic, but that's not the case at all. On the contrary, it is total pragmatism that has the power to sharpen the spikes of discord between nations and states.\"<\/em><\/p>\n\n\n\n<p id=\"ember2222\"><a href=\"https:\/\/www.linkedin.com\/in\/jan-hrivnacky\/\">Jan H\u0159ivnack\u00fd<\/a>,<strong> Head of Industrial Leasing at CBRE<\/strong>, comments<em>: \"This transaction confirms the growing interest of foreign investors in the South Bohemian Region. We clearly perceive that the region is being considered by more and more companies entering the Czech market for the first time. Specifically, Nobo Automotive has leased one entire hall: 26,550 sqm will be used for production and another almost 3,000 sqm as office space. We represented the company from the selection of a suitable location through the negotiation of lease terms and the signing of the lease agreement. CBRE's project management team is now actively involved in the construction of the hall, overseeing the quality of the work and ensuring that all the requirements of Nobo Automotive's production technology are met.\"<\/em><\/p>\n\n\n\n<p id=\"ember2224\"><em>Video from the event is available here <\/em><a href=\"https:\/\/www.youtube.com\/watch?v=aTSnJoQs0nM\"><em>https:\/\/www.youtube.com\/watch?v=aTSnJoQs0nM<\/em><\/a><\/p>\n\n\n\n<figure class=\"wp-block-image\"><img loading=\"lazy\" decoding=\"async\" width=\"1000\" height=\"1500\" src=\"https:\/\/www.nobo-auto.cz\/wp-content\/uploads\/image-13.webp\" alt=\"\" class=\"wp-image-819\" srcset=\"https:\/\/www.nobo-auto.cz\/wp-content\/uploads\/image-13.webp 1000w, https:\/\/www.nobo-auto.cz\/wp-content\/uploads\/image-13-400x600.webp 400w, https:\/\/www.nobo-auto.cz\/wp-content\/uploads\/image-13-800x1200.webp 800w, https:\/\/www.nobo-auto.cz\/wp-content\/uploads\/image-13-768x1152.webp 768w\" sizes=\"auto, (max-width: 1000px) 100vw, 1000px\" \/><figcaption class=\"wp-element-caption\">Dehui Zhang - Chariman of the Board of NOBO Group - NOBO's top executive introduced the event with his speech<\/figcaption><\/figure>\n\n\n\n<figure class=\"wp-block-image\"><img loading=\"lazy\" decoding=\"async\" width=\"2048\" height=\"1073\" src=\"https:\/\/www.nobo-auto.cz\/wp-content\/uploads\/image-18.webp\" alt=\"\" class=\"wp-image-829\" srcset=\"https:\/\/www.nobo-auto.cz\/wp-content\/uploads\/image-18.webp 2048w, https:\/\/www.nobo-auto.cz\/wp-content\/uploads\/image-18-600x314.webp 600w, https:\/\/www.nobo-auto.cz\/wp-content\/uploads\/image-18-1200x629.webp 1200w, https:\/\/www.nobo-auto.cz\/wp-content\/uploads\/image-18-768x402.webp 768w, https:\/\/www.nobo-auto.cz\/wp-content\/uploads\/image-18-1536x805.webp 1536w\" sizes=\"auto, (max-width: 2048px) 100vw, 2048px\" \/><figcaption class=\"wp-element-caption\">Harsten KESS - Head of Purchasing (Seat), BMW<\/figcaption><\/figure>\n\n\n\n<figure class=\"wp-block-image\"><img loading=\"lazy\" decoding=\"async\" width=\"1488\" height=\"992\" src=\"https:\/\/www.nobo-auto.cz\/wp-content\/uploads\/image-5-1.webp\" alt=\"\" class=\"wp-image-825\" srcset=\"https:\/\/www.nobo-auto.cz\/wp-content\/uploads\/image-5-1.webp 1488w, https:\/\/www.nobo-auto.cz\/wp-content\/uploads\/image-5-1-600x400.webp 600w, https:\/\/www.nobo-auto.cz\/wp-content\/uploads\/image-5-1-1200x800.webp 1200w, https:\/\/www.nobo-auto.cz\/wp-content\/uploads\/image-5-1-768x512.webp 768w\" sizes=\"auto, (max-width: 1488px) 100vw, 1488px\" \/><figcaption class=\"wp-element-caption\">Management of NOBO AUTOMOTIVE together with representatives of the Embassy of the People's Republic of China<\/figcaption><\/figure>\n\n\n\n<figure class=\"wp-block-image\"><img loading=\"lazy\" decoding=\"async\" width=\"1488\" height=\"992\" src=\"https:\/\/www.nobo-auto.cz\/wp-content\/uploads\/image-15.webp\" alt=\"\" class=\"wp-image-826\" srcset=\"https:\/\/www.nobo-auto.cz\/wp-content\/uploads\/image-15.webp 1488w, https:\/\/www.nobo-auto.cz\/wp-content\/uploads\/image-15-600x400.webp 600w, https:\/\/www.nobo-auto.cz\/wp-content\/uploads\/image-15-1200x800.webp 1200w, https:\/\/www.nobo-auto.cz\/wp-content\/uploads\/image-15-768x512.webp 768w\" sizes=\"auto, (max-width: 1488px) 100vw, 1488px\" \/><figcaption class=\"wp-element-caption\">Sample seats from NOBO AUTOMOTIVE<\/figcaption><\/figure>\n\n\n\n<figure class=\"wp-block-image\"><img loading=\"lazy\" decoding=\"async\" width=\"1488\" height=\"991\" src=\"https:\/\/www.nobo-auto.cz\/wp-content\/uploads\/image-14.webp\" alt=\"\" class=\"wp-image-820\" srcset=\"https:\/\/www.nobo-auto.cz\/wp-content\/uploads\/image-14.webp 1488w, https:\/\/www.nobo-auto.cz\/wp-content\/uploads\/image-14-600x400.webp 600w, https:\/\/www.nobo-auto.cz\/wp-content\/uploads\/image-14-1200x799.webp 1200w, https:\/\/www.nobo-auto.cz\/wp-content\/uploads\/image-14-768x511.webp 768w\" sizes=\"auto, (max-width: 1488px) 100vw, 1488px\" \/><figcaption class=\"wp-element-caption\">joint signing of the column by representatives of BMW and representatives of the management of NOBO AUTOMOTIVE<\/figcaption><\/figure>\n\n\n\n<figure class=\"wp-block-image\"><img loading=\"lazy\" decoding=\"async\" width=\"1488\" height=\"992\" src=\"https:\/\/www.nobo-auto.cz\/wp-content\/uploads\/image-1-6.webp\" alt=\"\" class=\"wp-image-821\" srcset=\"https:\/\/www.nobo-auto.cz\/wp-content\/uploads\/image-1-6.webp 1488w, https:\/\/www.nobo-auto.cz\/wp-content\/uploads\/image-1-6-600x400.webp 600w, https:\/\/www.nobo-auto.cz\/wp-content\/uploads\/image-1-6-1200x800.webp 1200w, https:\/\/www.nobo-auto.cz\/wp-content\/uploads\/image-1-6-768x512.webp 768w\" sizes=\"auto, (max-width: 1488px) 100vw, 1488px\" \/><figcaption class=\"wp-element-caption\">ceremonial signing of the column of the new production hall by all guests<\/figcaption><\/figure>\n\n\n\n<figure class=\"wp-block-image\"><img loading=\"lazy\" decoding=\"async\" width=\"1488\" height=\"991\" src=\"https:\/\/www.nobo-auto.cz\/wp-content\/uploads\/image-3-4.webp\" alt=\"\" class=\"wp-image-824\" srcset=\"https:\/\/www.nobo-auto.cz\/wp-content\/uploads\/image-3-4.webp 1488w, https:\/\/www.nobo-auto.cz\/wp-content\/uploads\/image-3-4-600x400.webp 600w, https:\/\/www.nobo-auto.cz\/wp-content\/uploads\/image-3-4-1200x799.webp 1200w, https:\/\/www.nobo-auto.cz\/wp-content\/uploads\/image-3-4-768x511.webp 768w\" sizes=\"auto, (max-width: 1488px) 100vw, 1488px\" \/><figcaption class=\"wp-element-caption\">Common photo of all participants of the event<\/figcaption><\/figure>\n\n\n\n<figure class=\"wp-block-image\"><img loading=\"lazy\" decoding=\"async\" width=\"1000\" height=\"1500\" src=\"https:\/\/www.nobo-auto.cz\/wp-content\/uploads\/image-17.webp\" alt=\"\" class=\"wp-image-828\" srcset=\"https:\/\/www.nobo-auto.cz\/wp-content\/uploads\/image-17.webp 1000w, https:\/\/www.nobo-auto.cz\/wp-content\/uploads\/image-17-400x600.webp 400w, https:\/\/www.nobo-auto.cz\/wp-content\/uploads\/image-17-800x1200.webp 800w, https:\/\/www.nobo-auto.cz\/wp-content\/uploads\/image-17-768x1152.webp 768w\" sizes=\"auto, (max-width: 1000px) 100vw, 1000px\" \/><\/figure>\n\n\n\n<figure class=\"wp-block-image\"><img loading=\"lazy\" decoding=\"async\" width=\"1000\" height=\"1500\" src=\"https:\/\/www.nobo-auto.cz\/wp-content\/uploads\/image-4-2.webp\" alt=\"\" class=\"wp-image-822\" srcset=\"https:\/\/www.nobo-auto.cz\/wp-content\/uploads\/image-4-2.webp 1000w, https:\/\/www.nobo-auto.cz\/wp-content\/uploads\/image-4-2-400x600.webp 400w, https:\/\/www.nobo-auto.cz\/wp-content\/uploads\/image-4-2-800x1200.webp 800w, https:\/\/www.nobo-auto.cz\/wp-content\/uploads\/image-4-2-768x1152.webp 768w\" sizes=\"auto, (max-width: 1000px) 100vw, 1000px\" \/><figcaption class=\"wp-element-caption\">moderator of the event<\/figcaption><\/figure>\n\n\n\n<figure class=\"wp-block-image\"><img loading=\"lazy\" decoding=\"async\" width=\"1488\" height=\"992\" src=\"https:\/\/www.nobo-auto.cz\/wp-content\/uploads\/image-2-5.webp\" alt=\"\" class=\"wp-image-823\" srcset=\"https:\/\/www.nobo-auto.cz\/wp-content\/uploads\/image-2-5.webp 1488w, https:\/\/www.nobo-auto.cz\/wp-content\/uploads\/image-2-5-600x400.webp 600w, https:\/\/www.nobo-auto.cz\/wp-content\/uploads\/image-2-5-1200x800.webp 1200w, https:\/\/www.nobo-auto.cz\/wp-content\/uploads\/image-2-5-768x512.webp 768w\" sizes=\"auto, (max-width: 1488px) 100vw, 1488px\" \/><figcaption class=\"wp-element-caption\">The event was also attended by the Mayor of \u010cesk\u00e9 Bud\u011bjovice doc. Dr. Ing. Dagmar \u0160kodov\u00e1 Parmov\u00e1<\/figcaption><\/figure>\n\n\n\n<div style=\"height:1px\" aria-hidden=\"true\" class=\"wp-block-spacer\"><\/div>\n\n\n\n<figure class=\"wp-block-image\"><a href=\"https:\/\/www.linkedin.com\/in\/davidhavelec\/\"><img loading=\"lazy\" decoding=\"async\" width=\"100\" height=\"100\" src=\"https:\/\/www.nobo-auto.cz\/wp-content\/uploads\/image-16.webp\" alt=\"David Havelec\" class=\"wp-image-827\"\/><\/a><\/figure>\n\n\n\n<p><a href=\"https:\/\/www.linkedin.com\/in\/davidhavelec\/\"><\/a><\/p>\n\n\n\n<h2 class=\"wp-block-heading\"><a href=\"https:\/\/www.linkedin.com\/in\/davidhavelec\/\">David Havelec<\/a><\/h2>\n\n\n\n<p>HR Manager in Nobo Automotive Czech Republic<\/p>\n\n\n\n<p>22 May 2024<\/p>","protected":false},"excerpt":{"rendered":"<p>Dal\u0161\u00ed \u010d\u00e1st blogu se v\u011bnuje slavnostn\u00ed ud\u00e1losti ze \u010dtvrtka 16.5.2024, kdy se uskute\u010dnila v&nbsp;Bor\u0161ov\u011b nad Vltavou, na m\u00edst\u011b nov\u011b vznikaj\u00edc\u00ed haly, ceremonie vzty\u010den\u00ed prvn\u00edho sloupu, kter\u00e9 se z\u00fa\u010dastnili a&nbsp;sv\u00fdm proslovem p\u0159isp\u011bli p\u0159edstavitel\u00e9 \u010d\u00ednsk\u00e9ho i&nbsp;\u010desk\u00e9ho zastoupen\u00ed NOBO AUTOMOTIVE spole\u010dn\u011b se z\u00e1stupci spole\u010dnost\u00ed GARBE, CBRE, BMW a&nbsp;tak\u00e9 lok\u00e1ln\u00edmi politiky. Spole\u010dnost GARBE, specialista na logistick\u00e9 a&nbsp;pr\u016fmyslov\u00e9 nemovitosti ve [&hellip;]<\/p>\n","protected":false},"author":1,"featured_media":815,"comment_status":"closed","ping_status":"closed","sticky":false,"template":"","format":"standard","meta":{"footnotes":""},"categories":[1],"tags":[],"class_list":["post-814","post","type-post","status-publish","format-standard","has-post-thumbnail","hentry","category-novinky"],"_links":{"self":[{"href":"https:\/\/www.nobo-auto.cz\/en\/wp-json\/wp\/v2\/posts\/814","targetHints":{"allow":["GET"]}}],"collection":[{"href":"https:\/\/www.nobo-auto.cz\/en\/wp-json\/wp\/v2\/posts"}],"about":[{"href":"https:\/\/www.nobo-auto.cz\/en\/wp-json\/wp\/v2\/types\/post"}],"author":[{"embeddable":true,"href":"https:\/\/www.nobo-auto.cz\/en\/wp-json\/wp\/v2\/users\/1"}],"replies":[{"embeddable":true,"href":"https:\/\/www.nobo-auto.cz\/en\/wp-json\/wp\/v2\/comments?post=814"}],"version-history":[{"count":1,"href":"https:\/\/www.nobo-auto.cz\/en\/wp-json\/wp\/v2\/posts\/814\/revisions"}],"predecessor-version":[{"id":830,"href":"https:\/\/www.nobo-auto.cz\/en\/wp-json\/wp\/v2\/posts\/814\/revisions\/830"}],"wp:featuredmedia":[{"embeddable":true,"href":"https:\/\/www.nobo-auto.cz\/en\/wp-json\/wp\/v2\/media\/815"}],"wp:attachment":[{"href":"https:\/\/www.nobo-auto.cz\/en\/wp-json\/wp\/v2\/media?parent=814"}],"wp:term":[{"taxonomy":"category","embeddable":true,"href":"https:\/\/www.nobo-auto.cz\/en\/wp-json\/wp\/v2\/categories?post=814"},{"taxonomy":"post_tag","embeddable":true,"href":"https:\/\/www.nobo-auto.cz\/en\/wp-json\/wp\/v2\/tags?post=814"}],"curies":[{"name":"wp","href":"https:\/\/api.w.org\/{rel}","templated":true}]}}